{"id":4505,"date":"2014-11-27T09:06:06","date_gmt":"2014-11-27T09:06:06","guid":{"rendered":"https:\/\/www.exotravel.com\/blog\/?p=4505"},"modified":"2016-01-28T04:54:12","modified_gmt":"2016-01-28T04:54:12","slug":"le-telepherique-du-fansipan-pret-en-2015","status":"publish","type":"post","link":"https:\/\/www.exotravel.com\/blog\/en\/le-telepherique-du-fansipan-pret-en-2015\/","title":{"rendered":"Le t\u00e9l\u00e9ph\u00e9rique du Fansipan pr\u00eat en 2015"},"content":{"rendered":"<p><a href=\"https:\/\/www.exotravel.com\/blog\/wp-content\/uploads\/2014\/11\/Fansipan.jpg\"><img fetchpriority=\"high\" decoding=\"async\" class=\"size-medium wp-image-4304 alignleft\" style=\"margin: 5px;\" alt=\"Fansipan\" src=\"https:\/\/www.exotravel.com\/blog\/wp-content\/uploads\/2014\/11\/Fansipan-300x200.jpg\" width=\"300\" height=\"200\" \/><\/a>Le plus long t\u00e9l\u00e9ph\u00e9rique \u00e0 trois c\u00e2bles du monde, allant de Sapa dans la province nord de Lao Cai au sommet du mont Fansipan, va ouvrir aux passagers \u00e0 la fin du 3<sup>e<\/sup> trimestre 2015.<\/p>\n<p>La construction de ce t\u00e9l\u00e9ph\u00e9rique est men\u00e9e dans le cadre de la premi\u00e8re phase du complexe touristique de Sapa Fansipan. Le t\u00e9l\u00e9ph\u00e9rique pourra transporter un maximum de 2000 passagers par heure, chaque cabine accueillant 35 personnes.<\/p>\n<p>Le t\u00e9l\u00e9ph\u00e9rique transportera les passagers du sol jusqu\u2019au sommet du mont Fansipan \u00e0 3 143 m\u00e8tres d\u2019altitude, en 15 \u00e0 20 minutes. Actuellement, cela prend un ou deux jours de faire la randonn\u00e9e jusqu\u2019en haut de la montagne.<\/p>\n","protected":false},"excerpt":{"rendered":"<p>Le plus long t\u00e9l\u00e9ph\u00e9rique \u00e0 trois c\u00e2bles du monde, allant de Sapa dans la province nord de Lao Cai au sommet du mont Fansipan, va ouvrir aux passagers \u00e0 la fin du 3e trimestre 2015. La construction de ce t\u00e9l\u00e9ph\u00e9rique est men\u00e9e dans le cadre de la premi\u00e8re phase du complexe touristique de Sapa Fansipan. [&hellip;]<\/p>\n","protected":false},"author":1,"featured_media":0,"comment_status":"open","ping_status":"open","sticky":false,"template":"","format":"standard","meta":{"footnotes":""},"categories":[431],"tags":[],"class_list":["post-4505","post","type-post","status-publish","format-standard","hentry","category-news-exo"],"yoast_head":"<!-- This site is optimized with the Yoast SEO plugin v27.3 - https:\/\/yoast.com\/product\/yoast-seo-wordpress\/ -->\n<title>Le t\u00e9l\u00e9ph\u00e9rique du Fansipan pr\u00eat en 2015<\/title>\n<meta name=\"robots\" content=\"index, follow, max-snippet:-1, max-image-preview:large, max-video-preview:-1\" \/>\n<link rel=\"canonical\" href=\"https:\/\/www.exotravel.com\/blog\/en\/le-telepherique-du-fansipan-pret-en-2015\/\" \/>\n<meta property=\"og:locale\" content=\"en_GB\" \/>\n<meta property=\"og:type\" content=\"article\" \/>\n<meta property=\"og:title\" content=\"Le t\u00e9l\u00e9ph\u00e9rique du Fansipan pr\u00eat en 2015\" \/>\n<meta property=\"og:description\" content=\"Le plus long t\u00e9l\u00e9ph\u00e9rique \u00e0 trois c\u00e2bles du monde, allant de Sapa dans la province nord de Lao Cai au sommet du mont Fansipan, va ouvrir aux passagers \u00e0 la fin du 3e trimestre 2015. La construction de ce t\u00e9l\u00e9ph\u00e9rique est men\u00e9e dans le cadre de la premi\u00e8re phase du complexe touristique de Sapa Fansipan. [&hellip;]\" \/>\n<meta property=\"og:url\" content=\"https:\/\/www.exotravel.com\/blog\/en\/le-telepherique-du-fansipan-pret-en-2015\/\" \/>\n<meta property=\"og:site_name\" content=\"EXO Travel Blog\" \/>\n<meta property=\"article:publisher\" content=\"https:\/\/www.facebook.com\/ExoTravelGroup\" \/>\n<meta property=\"article:published_time\" content=\"2014-11-27T09:06:06+00:00\" \/>\n<meta property=\"article:modified_time\" content=\"2016-01-28T04:54:12+00:00\" \/>\n<meta name=\"author\" content=\"admin\" \/>\n<meta name=\"twitter:card\" content=\"summary_large_image\" \/>\n<meta name=\"twitter:creator\" content=\"@EXO_Travel\" \/>\n<meta name=\"twitter:site\" content=\"@EXO_Travel\" \/>\n<meta name=\"twitter:label1\" content=\"Written by\" \/>\n\t<meta name=\"twitter:data1\" content=\"admin\" \/>\n\t<meta name=\"twitter:label2\" content=\"Estimated reading time\" \/>\n\t<meta name=\"twitter:data2\" content=\"1 minute\" \/>\n<script type=\"application\/ld+json\" class=\"yoast-schema-graph\">{\"@context\":\"https:\\\/\\\/schema.org\",\"@graph\":[{\"@type\":\"Article\",\"@id\":\"https:\\\/\\\/www.exotravel.com\\\/blog\\\/en\\\/le-telepherique-du-fansipan-pret-en-2015\\\/#article\",\"isPartOf\":{\"@id\":\"https:\\\/\\\/www.exotravel.com\\\/blog\\\/en\\\/le-telepherique-du-fansipan-pret-en-2015\\\/\"},\"author\":{\"name\":\"admin\",\"@id\":\"https:\\\/\\\/www.exotravel.com\\\/blog\\\/#\\\/schema\\\/person\\\/25f31f713ccd2c645ee56d896fb33fc0\"},\"headline\":\"Le t\u00e9l\u00e9ph\u00e9rique du Fansipan pr\u00eat en 2015\",\"datePublished\":\"2014-11-27T09:06:06+00:00\",\"dateModified\":\"2016-01-28T04:54:12+00:00\",\"mainEntityOfPage\":{\"@id\":\"https:\\\/\\\/www.exotravel.com\\\/blog\\\/en\\\/le-telepherique-du-fansipan-pret-en-2015\\\/\"},\"wordCount\":128,\"commentCount\":0,\"publisher\":{\"@id\":\"https:\\\/\\\/www.exotravel.com\\\/blog\\\/#organization\"},\"image\":{\"@id\":\"https:\\\/\\\/www.exotravel.com\\\/blog\\\/en\\\/le-telepherique-du-fansipan-pret-en-2015\\\/#primaryimage\"},\"thumbnailUrl\":\"https:\\\/\\\/www.exotravel.com\\\/blog\\\/wp-content\\\/uploads\\\/2014\\\/11\\\/Fansipan-300x200.jpg\",\"articleSection\":[\"News EXO\"],\"inLanguage\":\"en-GB\",\"potentialAction\":[{\"@type\":\"CommentAction\",\"name\":\"Comment\",\"target\":[\"https:\\\/\\\/www.exotravel.com\\\/blog\\\/en\\\/le-telepherique-du-fansipan-pret-en-2015\\\/#respond\"]}]},{\"@type\":\"WebPage\",\"@id\":\"https:\\\/\\\/www.exotravel.com\\\/blog\\\/en\\\/le-telepherique-du-fansipan-pret-en-2015\\\/\",\"url\":\"https:\\\/\\\/www.exotravel.com\\\/blog\\\/en\\\/le-telepherique-du-fansipan-pret-en-2015\\\/\",\"name\":\"Le t\u00e9l\u00e9ph\u00e9rique du Fansipan pr\u00eat en 2015\",\"isPartOf\":{\"@id\":\"https:\\\/\\\/www.exotravel.com\\\/blog\\\/#website\"},\"primaryImageOfPage\":{\"@id\":\"https:\\\/\\\/www.exotravel.com\\\/blog\\\/en\\\/le-telepherique-du-fansipan-pret-en-2015\\\/#primaryimage\"},\"image\":{\"@id\":\"https:\\\/\\\/www.exotravel.com\\\/blog\\\/en\\\/le-telepherique-du-fansipan-pret-en-2015\\\/#primaryimage\"},\"thumbnailUrl\":\"https:\\\/\\\/www.exotravel.com\\\/blog\\\/wp-content\\\/uploads\\\/2014\\\/11\\\/Fansipan-300x200.jpg\",\"datePublished\":\"2014-11-27T09:06:06+00:00\",\"dateModified\":\"2016-01-28T04:54:12+00:00\",\"breadcrumb\":{\"@id\":\"https:\\\/\\\/www.exotravel.com\\\/blog\\\/en\\\/le-telepherique-du-fansipan-pret-en-2015\\\/#breadcrumb\"},\"inLanguage\":\"en-GB\",\"potentialAction\":[{\"@type\":\"ReadAction\",\"target\":[\"https:\\\/\\\/www.exotravel.com\\\/blog\\\/en\\\/le-telepherique-du-fansipan-pret-en-2015\\\/\"]}]},{\"@type\":\"ImageObject\",\"inLanguage\":\"en-GB\",\"@id\":\"https:\\\/\\\/www.exotravel.com\\\/blog\\\/en\\\/le-telepherique-du-fansipan-pret-en-2015\\\/#primaryimage\",\"url\":\"https:\\\/\\\/www.exotravel.com\\\/blog\\\/wp-content\\\/uploads\\\/2014\\\/11\\\/Fansipan-300x200.jpg\",\"contentUrl\":\"https:\\\/\\\/www.exotravel.com\\\/blog\\\/wp-content\\\/uploads\\\/2014\\\/11\\\/Fansipan-300x200.jpg\"},{\"@type\":\"BreadcrumbList\",\"@id\":\"https:\\\/\\\/www.exotravel.com\\\/blog\\\/en\\\/le-telepherique-du-fansipan-pret-en-2015\\\/#breadcrumb\",\"itemListElement\":[{\"@type\":\"ListItem\",\"position\":1,\"name\":\"Accueil\",\"item\":\"https:\\\/\\\/www.exotravel.com\\\/blog\\\/en\\\/home\\\/\"},{\"@type\":\"ListItem\",\"position\":2,\"name\":\"Le t\u00e9l\u00e9ph\u00e9rique du Fansipan pr\u00eat en 2015\"}]},{\"@type\":\"WebSite\",\"@id\":\"https:\\\/\\\/www.exotravel.com\\\/blog\\\/#website\",\"url\":\"https:\\\/\\\/www.exotravel.com\\\/blog\\\/\",\"name\":\"EXO Travel Blog\",\"description\":\"Travel Made Real\",\"publisher\":{\"@id\":\"https:\\\/\\\/www.exotravel.com\\\/blog\\\/#organization\"},\"potentialAction\":[{\"@type\":\"SearchAction\",\"target\":{\"@type\":\"EntryPoint\",\"urlTemplate\":\"https:\\\/\\\/www.exotravel.com\\\/blog\\\/?s={search_term_string}\"},\"query-input\":{\"@type\":\"PropertyValueSpecification\",\"valueRequired\":true,\"valueName\":\"search_term_string\"}}],\"inLanguage\":\"en-GB\"},{\"@type\":\"Organization\",\"@id\":\"https:\\\/\\\/www.exotravel.com\\\/blog\\\/#organization\",\"name\":\"EXO Travel Group\",\"url\":\"https:\\\/\\\/www.exotravel.com\\\/blog\\\/\",\"logo\":{\"@type\":\"ImageObject\",\"inLanguage\":\"en-GB\",\"@id\":\"https:\\\/\\\/www.exotravel.com\\\/blog\\\/#\\\/schema\\\/logo\\\/image\\\/\",\"url\":\"https:\\\/\\\/www.exotravel.com\\\/blog\\\/wp-content\\\/uploads\\\/2020\\\/02\\\/Classic-Journeys-1.png\",\"contentUrl\":\"https:\\\/\\\/www.exotravel.com\\\/blog\\\/wp-content\\\/uploads\\\/2020\\\/02\\\/Classic-Journeys-1.png\",\"width\":900,\"height\":350,\"caption\":\"EXO Travel Group\"},\"image\":{\"@id\":\"https:\\\/\\\/www.exotravel.com\\\/blog\\\/#\\\/schema\\\/logo\\\/image\\\/\"},\"sameAs\":[\"https:\\\/\\\/www.facebook.com\\\/ExoTravelGroup\",\"https:\\\/\\\/x.com\\\/EXO_Travel\",\"https:\\\/\\\/www.instagram.com\\\/exotravelgroup\",\"https:\\\/\\\/www.linkedin.com\\\/company\\\/exotravel\",\"https:\\\/\\\/www.pinterest.com\\\/exotravel\\\/\",\"https:\\\/\\\/www.youtube.com\\\/user\\\/exotravel\"]},{\"@type\":\"Person\",\"@id\":\"https:\\\/\\\/www.exotravel.com\\\/blog\\\/#\\\/schema\\\/person\\\/25f31f713ccd2c645ee56d896fb33fc0\",\"name\":\"admin\",\"image\":{\"@type\":\"ImageObject\",\"inLanguage\":\"en-GB\",\"@id\":\"https:\\\/\\\/secure.gravatar.com\\\/avatar\\\/1aaf19b4c24206b7a8134ab918439200d6288b7bde9c594c3979468fb18743aa?s=96&d=mm&r=g\",\"url\":\"https:\\\/\\\/secure.gravatar.com\\\/avatar\\\/1aaf19b4c24206b7a8134ab918439200d6288b7bde9c594c3979468fb18743aa?s=96&d=mm&r=g\",\"contentUrl\":\"https:\\\/\\\/secure.gravatar.com\\\/avatar\\\/1aaf19b4c24206b7a8134ab918439200d6288b7bde9c594c3979468fb18743aa?s=96&d=mm&r=g\",\"caption\":\"admin\"}}]}<\/script>\n<!-- \/ Yoast SEO plugin. -->","yoast_head_json":{"title":"Le t\u00e9l\u00e9ph\u00e9rique du Fansipan pr\u00eat en 2015","robots":{"index":"index","follow":"follow","max-snippet":"max-snippet:-1","max-image-preview":"max-image-preview:large","max-video-preview":"max-video-preview:-1"},"canonical":"https:\/\/www.exotravel.com\/blog\/en\/le-telepherique-du-fansipan-pret-en-2015\/","og_locale":"en_GB","og_type":"article","og_title":"Le t\u00e9l\u00e9ph\u00e9rique du Fansipan pr\u00eat en 2015","og_description":"Le plus long t\u00e9l\u00e9ph\u00e9rique \u00e0 trois c\u00e2bles du monde, allant de Sapa dans la province nord de Lao Cai au sommet du mont Fansipan, va ouvrir aux passagers \u00e0 la fin du 3e trimestre 2015. La construction de ce t\u00e9l\u00e9ph\u00e9rique est men\u00e9e dans le cadre de la premi\u00e8re phase du complexe touristique de Sapa Fansipan. [&hellip;]","og_url":"https:\/\/www.exotravel.com\/blog\/en\/le-telepherique-du-fansipan-pret-en-2015\/","og_site_name":"EXO Travel Blog","article_publisher":"https:\/\/www.facebook.com\/ExoTravelGroup","article_published_time":"2014-11-27T09:06:06+00:00","article_modified_time":"2016-01-28T04:54:12+00:00","author":"admin","twitter_card":"summary_large_image","twitter_creator":"@EXO_Travel","twitter_site":"@EXO_Travel","twitter_misc":{"Written by":"admin","Estimated reading time":"1 minute"},"schema":{"@context":"https:\/\/schema.org","@graph":[{"@type":"Article","@id":"https:\/\/www.exotravel.com\/blog\/en\/le-telepherique-du-fansipan-pret-en-2015\/#article","isPartOf":{"@id":"https:\/\/www.exotravel.com\/blog\/en\/le-telepherique-du-fansipan-pret-en-2015\/"},"author":{"name":"admin","@id":"https:\/\/www.exotravel.com\/blog\/#\/schema\/person\/25f31f713ccd2c645ee56d896fb33fc0"},"headline":"Le t\u00e9l\u00e9ph\u00e9rique du Fansipan pr\u00eat en 2015","datePublished":"2014-11-27T09:06:06+00:00","dateModified":"2016-01-28T04:54:12+00:00","mainEntityOfPage":{"@id":"https:\/\/www.exotravel.com\/blog\/en\/le-telepherique-du-fansipan-pret-en-2015\/"},"wordCount":128,"commentCount":0,"publisher":{"@id":"https:\/\/www.exotravel.com\/blog\/#organization"},"image":{"@id":"https:\/\/www.exotravel.com\/blog\/en\/le-telepherique-du-fansipan-pret-en-2015\/#primaryimage"},"thumbnailUrl":"https:\/\/www.exotravel.com\/blog\/wp-content\/uploads\/2014\/11\/Fansipan-300x200.jpg","articleSection":["News EXO"],"inLanguage":"en-GB","potentialAction":[{"@type":"CommentAction","name":"Comment","target":["https:\/\/www.exotravel.com\/blog\/en\/le-telepherique-du-fansipan-pret-en-2015\/#respond"]}]},{"@type":"WebPage","@id":"https:\/\/www.exotravel.com\/blog\/en\/le-telepherique-du-fansipan-pret-en-2015\/","url":"https:\/\/www.exotravel.com\/blog\/en\/le-telepherique-du-fansipan-pret-en-2015\/","name":"Le t\u00e9l\u00e9ph\u00e9rique du Fansipan pr\u00eat en 2015","isPartOf":{"@id":"https:\/\/www.exotravel.com\/blog\/#website"},"primaryImageOfPage":{"@id":"https:\/\/www.exotravel.com\/blog\/en\/le-telepherique-du-fansipan-pret-en-2015\/#primaryimage"},"image":{"@id":"https:\/\/www.exotravel.com\/blog\/en\/le-telepherique-du-fansipan-pret-en-2015\/#primaryimage"},"thumbnailUrl":"https:\/\/www.exotravel.com\/blog\/wp-content\/uploads\/2014\/11\/Fansipan-300x200.jpg","datePublished":"2014-11-27T09:06:06+00:00","dateModified":"2016-01-28T04:54:12+00:00","breadcrumb":{"@id":"https:\/\/www.exotravel.com\/blog\/en\/le-telepherique-du-fansipan-pret-en-2015\/#breadcrumb"},"inLanguage":"en-GB","potentialAction":[{"@type":"ReadAction","target":["https:\/\/www.exotravel.com\/blog\/en\/le-telepherique-du-fansipan-pret-en-2015\/"]}]},{"@type":"ImageObject","inLanguage":"en-GB","@id":"https:\/\/www.exotravel.com\/blog\/en\/le-telepherique-du-fansipan-pret-en-2015\/#primaryimage","url":"https:\/\/www.exotravel.com\/blog\/wp-content\/uploads\/2014\/11\/Fansipan-300x200.jpg","contentUrl":"https:\/\/www.exotravel.com\/blog\/wp-content\/uploads\/2014\/11\/Fansipan-300x200.jpg"},{"@type":"BreadcrumbList","@id":"https:\/\/www.exotravel.com\/blog\/en\/le-telepherique-du-fansipan-pret-en-2015\/#breadcrumb","itemListElement":[{"@type":"ListItem","position":1,"name":"Accueil","item":"https:\/\/www.exotravel.com\/blog\/en\/home\/"},{"@type":"ListItem","position":2,"name":"Le t\u00e9l\u00e9ph\u00e9rique du Fansipan pr\u00eat en 2015"}]},{"@type":"WebSite","@id":"https:\/\/www.exotravel.com\/blog\/#website","url":"https:\/\/www.exotravel.com\/blog\/","name":"EXO Travel Blog","description":"Travel Made Real","publisher":{"@id":"https:\/\/www.exotravel.com\/blog\/#organization"},"potentialAction":[{"@type":"SearchAction","target":{"@type":"EntryPoint","urlTemplate":"https:\/\/www.exotravel.com\/blog\/?s={search_term_string}"},"query-input":{"@type":"PropertyValueSpecification","valueRequired":true,"valueName":"search_term_string"}}],"inLanguage":"en-GB"},{"@type":"Organization","@id":"https:\/\/www.exotravel.com\/blog\/#organization","name":"EXO Travel Group","url":"https:\/\/www.exotravel.com\/blog\/","logo":{"@type":"ImageObject","inLanguage":"en-GB","@id":"https:\/\/www.exotravel.com\/blog\/#\/schema\/logo\/image\/","url":"https:\/\/www.exotravel.com\/blog\/wp-content\/uploads\/2020\/02\/Classic-Journeys-1.png","contentUrl":"https:\/\/www.exotravel.com\/blog\/wp-content\/uploads\/2020\/02\/Classic-Journeys-1.png","width":900,"height":350,"caption":"EXO Travel Group"},"image":{"@id":"https:\/\/www.exotravel.com\/blog\/#\/schema\/logo\/image\/"},"sameAs":["https:\/\/www.facebook.com\/ExoTravelGroup","https:\/\/x.com\/EXO_Travel","https:\/\/www.instagram.com\/exotravelgroup","https:\/\/www.linkedin.com\/company\/exotravel","https:\/\/www.pinterest.com\/exotravel\/","https:\/\/www.youtube.com\/user\/exotravel"]},{"@type":"Person","@id":"https:\/\/www.exotravel.com\/blog\/#\/schema\/person\/25f31f713ccd2c645ee56d896fb33fc0","name":"admin","image":{"@type":"ImageObject","inLanguage":"en-GB","@id":"https:\/\/secure.gravatar.com\/avatar\/1aaf19b4c24206b7a8134ab918439200d6288b7bde9c594c3979468fb18743aa?s=96&d=mm&r=g","url":"https:\/\/secure.gravatar.com\/avatar\/1aaf19b4c24206b7a8134ab918439200d6288b7bde9c594c3979468fb18743aa?s=96&d=mm&r=g","contentUrl":"https:\/\/secure.gravatar.com\/avatar\/1aaf19b4c24206b7a8134ab918439200d6288b7bde9c594c3979468fb18743aa?s=96&d=mm&r=g","caption":"admin"}}]}},"_links":{"self":[{"href":"https:\/\/www.exotravel.com\/blog\/wp-json\/wp\/v2\/posts\/4505","targetHints":{"allow":["GET"]}}],"collection":[{"href":"https:\/\/www.exotravel.com\/blog\/wp-json\/wp\/v2\/posts"}],"about":[{"href":"https:\/\/www.exotravel.com\/blog\/wp-json\/wp\/v2\/types\/post"}],"author":[{"embeddable":true,"href":"https:\/\/www.exotravel.com\/blog\/wp-json\/wp\/v2\/users\/1"}],"replies":[{"embeddable":true,"href":"https:\/\/www.exotravel.com\/blog\/wp-json\/wp\/v2\/comments?post=4505"}],"version-history":[{"count":0,"href":"https:\/\/www.exotravel.com\/blog\/wp-json\/wp\/v2\/posts\/4505\/revisions"}],"wp:attachment":[{"href":"https:\/\/www.exotravel.com\/blog\/wp-json\/wp\/v2\/media?parent=4505"}],"wp:term":[{"taxonomy":"category","embeddable":true,"href":"https:\/\/www.exotravel.com\/blog\/wp-json\/wp\/v2\/categories?post=4505"},{"taxonomy":"post_tag","embeddable":true,"href":"https:\/\/www.exotravel.com\/blog\/wp-json\/wp\/v2\/tags?post=4505"}],"curies":[{"name":"wp","href":"https:\/\/api.w.org\/{rel}","templated":true}]}}